{"id":645,"date":"2026-01-10T20:04:41","date_gmt":"2026-01-10T19:04:41","guid":{"rendered":"https:\/\/prospective-eac.com\/?p=645"},"modified":"2026-01-10T20:04:41","modified_gmt":"2026-01-10T19:04:41","slug":"dissolution-transfrontaliere-dune-societe-informelle-la-france-competente","status":"publish","type":"post","link":"https:\/\/prospective-eac.com\/index.php\/2026\/01\/10\/dissolution-transfrontaliere-dune-societe-informelle-la-france-competente\/","title":{"rendered":"Dissolution transfrontali\u00e8re d\u2019une soci\u00e9t\u00e9 informelle : la France comp\u00e9tente"},"content":{"rendered":"\n<p>En l\u2019absence de si\u00e8ge statutaire, le si\u00e8ge r\u00e9el d\u2019une soci\u00e9t\u00e9 \u2013 m\u00eame cr\u00e9\u00e9e de fait \u2013 d\u00e9termine la comp\u00e9tence juridictionnelle. C\u2019est le lieu d\u2019exercice effectif de la direction qui permet d\u2019appliquer le droit de l\u2019Union europ\u00e9enne. <\/p>\n\n\n\n<p>Une soci\u00e9t\u00e9 informelle r\u00e9unissant des associ\u00e9s r\u00e9sidant en France, au Portugal et au Royaume-Uni a fait l\u2019objet d\u2019une action en dissolution devant une juridiction fran\u00e7aise. Certains membres contestaient la comp\u00e9tence de cette juridiction. <\/p>\n\n\n\n<p>En application du r\u00e8glement Bruxelles I bis, la Cour de cassation consid\u00e8re que la France est comp\u00e9tente d\u00e8s lors que la direction effective de la soci\u00e9t\u00e9 est exerc\u00e9e depuis son territoire. <\/p>\n\n\n\n<p>Source : Cour de cassation, chambre commerciale, 17 sept. 2025, n\u00b0 23-17.595 <\/p>\n\n\n\n<p>#dissolution #soci\u00e9t\u00e9d\u00e9fait #comp\u00e9tenceeurop\u00e9enne #droitcommercial<\/p>\n","protected":false},"excerpt":{"rendered":"<p>En l\u2019absence de si\u00e8ge statutaire, le si\u00e8ge r\u00e9el d\u2019une soci\u00e9t\u00e9 \u2013 m\u00eame cr\u00e9\u00e9e de fait \u2013 d\u00e9termine la comp\u00e9tence juridictionnelle. C\u2019est le lieu d\u2019exercice effectif de la direction qui permet&hellip;<a href=\"https:\/\/prospective-eac.com\/index.php\/2026\/01\/10\/dissolution-transfrontaliere-dune-societe-informelle-la-france-competente\/\" class=\"more-link\"><span class=\"more-button\">Continue reading<span class=\"screen-reader-text\">Dissolution transfrontali\u00e8re d\u2019une soci\u00e9t\u00e9 informelle : la France comp\u00e9tente<\/span><\/span><\/a><\/p>\n","protected":false},"author":1,"featured_media":0,"comment_status":"open","ping_status":"open","sticky":false,"template":"","format":"standard","meta":{"_jetpack_memberships_contains_paid_content":false,"footnotes":""},"categories":[20],"tags":[],"class_list":["post-645","post","type-post","status-publish","format-standard","hentry","category-juridique"],"jetpack_featured_media_url":"","jetpack_sharing_enabled":true,"_links":{"self":[{"href":"https:\/\/prospective-eac.com\/index.php\/wp-json\/wp\/v2\/posts\/645","targetHints":{"allow":["GET"]}}],"collection":[{"href":"https:\/\/prospective-eac.com\/index.php\/wp-json\/wp\/v2\/posts"}],"about":[{"href":"https:\/\/prospective-eac.com\/index.php\/wp-json\/wp\/v2\/types\/post"}],"author":[{"embeddable":true,"href":"https:\/\/prospective-eac.com\/index.php\/wp-json\/wp\/v2\/users\/1"}],"replies":[{"embeddable":true,"href":"https:\/\/prospective-eac.com\/index.php\/wp-json\/wp\/v2\/comments?post=645"}],"version-history":[{"count":1,"href":"https:\/\/prospective-eac.com\/index.php\/wp-json\/wp\/v2\/posts\/645\/revisions"}],"predecessor-version":[{"id":646,"href":"https:\/\/prospective-eac.com\/index.php\/wp-json\/wp\/v2\/posts\/645\/revisions\/646"}],"wp:attachment":[{"href":"https:\/\/prospective-eac.com\/index.php\/wp-json\/wp\/v2\/media?parent=645"}],"wp:term":[{"taxonomy":"category","embeddable":true,"href":"https:\/\/prospective-eac.com\/index.php\/wp-json\/wp\/v2\/categories?post=645"},{"taxonomy":"post_tag","embeddable":true,"href":"https:\/\/prospective-eac.com\/index.php\/wp-json\/wp\/v2\/tags?post=645"}],"curies":[{"name":"wp","href":"https:\/\/api.w.org\/{rel}","templated":true}]}}